{"id":3259,"date":"2025-05-08T10:22:53","date_gmt":"2025-05-08T10:22:53","guid":{"rendered":"https:\/\/gdue.pt\/pt\/?p=3259"},"modified":"2025-05-08T10:26:05","modified_gmt":"2025-05-08T10:26:05","slug":"familia-solidaria-gdue","status":"publish","type":"post","link":"https:\/\/gdue.pt\/pt\/familia-solidaria-gdue\/","title":{"rendered":"Somos uma Fam\u00edlia Solid\u00e1ria"},"content":{"rendered":"\t\t<div data-elementor-type=\"wp-post\" data-elementor-id=\"3259\" class=\"elementor elementor-3259\">\n\t\t\t\t<div class=\"elementor-element elementor-element-acfd711 e-flex e-con-boxed e-con e-parent\" data-id=\"acfd711\" data-element_type=\"container\" data-e-type=\"container\">\n\t\t\t\t\t<div class=\"e-con-inner\">\n\t\t\t\t<div class=\"elementor-element elementor-element-ed309ad elementor-widget elementor-widget-image\" data-id=\"ed309ad\" data-element_type=\"widget\" data-e-type=\"widget\" data-widget_type=\"image.default\">\n\t\t\t\t<div class=\"elementor-widget-container\">\n\t\t\t\t\t\t\t\t\t\t\t\t\t\t\t<img fetchpriority=\"high\" decoding=\"async\" width=\"1400\" height=\"700\" src=\"https:\/\/gdue.pt\/pt\/wp-content\/uploads\/2025\/05\/Copia-de-IMAGEM-de-DESTAQUE.jpg\" class=\"attachment-full size-full wp-image-3261\" alt=\"\" srcset=\"https:\/\/gdue.pt\/pt\/wp-content\/uploads\/2025\/05\/Copia-de-IMAGEM-de-DESTAQUE.jpg 1400w, https:\/\/gdue.pt\/pt\/wp-content\/uploads\/2025\/05\/Copia-de-IMAGEM-de-DESTAQUE-300x150.jpg 300w, https:\/\/gdue.pt\/pt\/wp-content\/uploads\/2025\/05\/Copia-de-IMAGEM-de-DESTAQUE-1024x512.jpg 1024w, https:\/\/gdue.pt\/pt\/wp-content\/uploads\/2025\/05\/Copia-de-IMAGEM-de-DESTAQUE-768x384.jpg 768w, https:\/\/gdue.pt\/pt\/wp-content\/uploads\/2025\/05\/Copia-de-IMAGEM-de-DESTAQUE-128x64.jpg 128w, https:\/\/gdue.pt\/pt\/wp-content\/uploads\/2025\/05\/Copia-de-IMAGEM-de-DESTAQUE-32x16.jpg 32w, https:\/\/gdue.pt\/pt\/wp-content\/uploads\/2025\/05\/Copia-de-IMAGEM-de-DESTAQUE-356x178.jpg 356w, https:\/\/gdue.pt\/pt\/wp-content\/uploads\/2025\/05\/Copia-de-IMAGEM-de-DESTAQUE-470x235.jpg 470w, https:\/\/gdue.pt\/pt\/wp-content\/uploads\/2025\/05\/Copia-de-IMAGEM-de-DESTAQUE-70x35.jpg 70w, https:\/\/gdue.pt\/pt\/wp-content\/uploads\/2025\/05\/Copia-de-IMAGEM-de-DESTAQUE-100x50.jpg 100w, https:\/\/gdue.pt\/pt\/wp-content\/uploads\/2025\/05\/Copia-de-IMAGEM-de-DESTAQUE-600x300.jpg 600w\" sizes=\"(max-width: 1400px) 100vw, 1400px\" \/>\t\t\t\t\t\t\t\t\t\t\t\t\t\t\t<\/div>\n\t\t\t\t<\/div>\n\t\t\t\t<div class=\"elementor-element elementor-element-519bd0b elementor-widget elementor-widget-text-editor\" data-id=\"519bd0b\" data-element_type=\"widget\" data-e-type=\"widget\" data-widget_type=\"text-editor.default\">\n\t\t\t\t<div class=\"elementor-widget-container\">\n\t\t\t\t\t\t\t\t\t<div class=\"x11i5rnm xat24cr x1mh8g0r x1vvkbs xtlvy1s x126k92a\"><div dir=\"auto\"><p style=\"margin: 0in; font-family: inherit; font-size: 11.25pt; color: #050505;\">CAMPANHA DE RECOLHA DE BENS ALIMENTARES<\/p><\/div><\/div>\t\t\t\t\t\t\t\t<\/div>\n\t\t\t\t<\/div>\n\t\t\t\t<div class=\"elementor-element elementor-element-f630340 elementor-widget elementor-widget-text-editor\" data-id=\"f630340\" data-element_type=\"widget\" data-e-type=\"widget\" data-widget_type=\"text-editor.default\">\n\t\t\t\t<div class=\"elementor-widget-container\">\n\t\t\t\t\t\t\t\t\t<div class=\"x11i5rnm xat24cr x1mh8g0r x1vvkbs xtlvy1s x126k92a\"><div dir=\"auto\"><p style=\"margin: 0in; font-family: Calibri; font-size: 11.0pt;\">No passado domingo, durante o nosso \u00faltimo jogo dos nossos Guerreiros do Mar em casa, realiz\u00e1mos uma <span style=\"font-weight: bold;\">recolha de bens alimentares a favor da Associa\u00e7\u00e3o Farol<\/span>.<\/p><p style=\"margin: 0in; font-family: Calibri; font-size: 11.0pt;\">Foi um verdadeiro sucesso e conseguimos, com a ajuda de todos, apoiar quem mais precisa.<\/p><p style=\"margin: 0in; font-family: Calibri; font-size: 11.0pt;\">\u00a0<\/p><p style=\"margin: 0in; font-family: Calibri; font-size: 11.0pt;\"><span style=\"font-weight: bold;\">Agradecemos profundamente a todos os s\u00f3cios e adeptos que vieram assistir ao jogo e que participaram nesta causa solid\u00e1ria.<\/span> Juntos, fazemos a diferen\u00e7a!<\/p><\/div><\/div>\t\t\t\t\t\t\t\t<\/div>\n\t\t\t\t<\/div>\n\t\t\t\t\t<\/div>\n\t\t\t\t<\/div>\n\t\t\t\t<\/div>\n\t\t","protected":false},"excerpt":{"rendered":"<p>No passado domingo, durante o nosso \u00faltimo jogo dos nossos Guerreiros do Mar em casa, realiz\u00e1mos uma recolha de bens alimentares a favor da Associa\u00e7\u00e3o Farol.<\/p>\n","protected":false},"author":1,"featured_media":3261,"comment_status":"closed","ping_status":"closed","sticky":false,"template":"","format":"standard","meta":{"footnotes":""},"categories":[137],"tags":[141],"class_list":["post-3259","post","type-post","status-publish","format-standard","has-post-thumbnail","hentry","category-institucional","tag-destaque"],"aioseo_notices":[],"_links":{"self":[{"href":"https:\/\/gdue.pt\/pt\/wp-json\/wp\/v2\/posts\/3259","targetHints":{"allow":["GET"]}}],"collection":[{"href":"https:\/\/gdue.pt\/pt\/wp-json\/wp\/v2\/posts"}],"about":[{"href":"https:\/\/gdue.pt\/pt\/wp-json\/wp\/v2\/types\/post"}],"author":[{"embeddable":true,"href":"https:\/\/gdue.pt\/pt\/wp-json\/wp\/v2\/users\/1"}],"replies":[{"embeddable":true,"href":"https:\/\/gdue.pt\/pt\/wp-json\/wp\/v2\/comments?post=3259"}],"version-history":[{"count":5,"href":"https:\/\/gdue.pt\/pt\/wp-json\/wp\/v2\/posts\/3259\/revisions"}],"predecessor-version":[{"id":3267,"href":"https:\/\/gdue.pt\/pt\/wp-json\/wp\/v2\/posts\/3259\/revisions\/3267"}],"wp:featuredmedia":[{"embeddable":true,"href":"https:\/\/gdue.pt\/pt\/wp-json\/wp\/v2\/media\/3261"}],"wp:attachment":[{"href":"https:\/\/gdue.pt\/pt\/wp-json\/wp\/v2\/media?parent=3259"}],"wp:term":[{"taxonomy":"category","embeddable":true,"href":"https:\/\/gdue.pt\/pt\/wp-json\/wp\/v2\/categories?post=3259"},{"taxonomy":"post_tag","embeddable":true,"href":"https:\/\/gdue.pt\/pt\/wp-json\/wp\/v2\/tags?post=3259"}],"curies":[{"name":"wp","href":"https:\/\/api.w.org\/{rel}","templated":true}]}}