{"id":3006,"date":"2024-11-20T20:30:15","date_gmt":"2024-11-20T20:30:15","guid":{"rendered":"https:\/\/gdue.pt\/pt\/?p=3006"},"modified":"2024-11-20T20:56:53","modified_gmt":"2024-11-20T20:56:53","slug":"entrevista-gdue-rcm","status":"publish","type":"post","link":"https:\/\/gdue.pt\/pt\/entrevista-gdue-rcm\/","title":{"rendered":"Entrevista GDUE na R\u00e1dio RCM"},"content":{"rendered":"\t\t<div data-elementor-type=\"wp-post\" data-elementor-id=\"3006\" class=\"elementor elementor-3006\">\n\t\t\t\t<div class=\"elementor-element elementor-element-acfd711 e-flex e-con-boxed e-con e-parent\" data-id=\"acfd711\" data-element_type=\"container\" data-e-type=\"container\">\n\t\t\t\t\t<div class=\"e-con-inner\">\n\t\t\t\t<div class=\"elementor-element elementor-element-b67750f elementor-widget elementor-widget-video\" data-id=\"b67750f\" data-element_type=\"widget\" data-e-type=\"widget\" data-settings=\"{&quot;video_type&quot;:&quot;hosted&quot;,&quot;controls&quot;:&quot;yes&quot;}\" data-widget_type=\"video.default\">\n\t\t\t\t<div class=\"elementor-widget-container\">\n\t\t\t\t\t\t\t<div class=\"e-hosted-video elementor-wrapper elementor-open-inline\">\n\t\t\t\t\t<video class=\"elementor-video\" src=\"https:\/\/gdue.pt\/pt\/wp-content\/uploads\/2024\/11\/AQNwzaoe_oFqPmVz3ppWjBdpDTwcEXyqwtrwwsLYV5NR5ChFisJkQDD4C_n0jVoiCm1mUaScTbRy0n4Zt04jOaO7.mp4\" controls=\"\" preload=\"metadata\" controlsList=\"nodownload\"><\/video>\n\t\t\t\t<\/div>\n\t\t\t\t\t\t<\/div>\n\t\t\t\t<\/div>\n\t\t\t\t<div class=\"elementor-element elementor-element-519bd0b elementor-widget elementor-widget-text-editor\" data-id=\"519bd0b\" data-element_type=\"widget\" data-e-type=\"widget\" data-widget_type=\"text-editor.default\">\n\t\t\t\t<div class=\"elementor-widget-container\">\n\t\t\t\t\t\t\t\t\t<div class=\"x11i5rnm xat24cr x1mh8g0r x1vvkbs xtlvy1s x126k92a\"><div dir=\"auto\"><p>GDUE EM ENTREVISTA NA RCM<\/p><p>Assista aqui \u00e0 entrevista do nosso Presidente M\u00e1rio Claro e tamb\u00e9m do Mister Jo\u00e3o Pedro realizada ontem na RCM &#8211; R\u00e1dio Clube de Mafra, no programa &#8220;Fora de Jogo&#8221;.<\/p><\/div><\/div>\t\t\t\t\t\t\t\t<\/div>\n\t\t\t\t<\/div>\n\t\t\t\t\t<\/div>\n\t\t\t\t<\/div>\n\t\t\t\t<\/div>\n\t\t","protected":false},"excerpt":{"rendered":"<p>https:\/\/gdue.pt\/pt\/wp-content\/uploads\/2024\/11\/AQNwzaoe_oFqPmVz3ppWjBdpDTwcEXyqwtrwwsLYV5NR5ChFisJkQDD4C_n0jVoiCm1mUaScTbRy0n4Zt04jOaO7.mp4 GDUE EM ENTREVISTA NA RCM Assista aqui \u00e0 entrevista do nosso Presidente M\u00e1rio Claro e tamb\u00e9m do Mister Jo\u00e3o Pedro realizada ontem na RCM &#8211; R\u00e1dio Clube de Mafra, no programa &#8220;Fora de Jogo&#8221;.<\/p>\n","protected":false},"author":1,"featured_media":3016,"comment_status":"closed","ping_status":"closed","sticky":false,"template":"","format":"standard","meta":{"footnotes":""},"categories":[137],"tags":[141],"class_list":["post-3006","post","type-post","status-publish","format-standard","has-post-thumbnail","hentry","category-institucional","tag-destaque"],"aioseo_notices":[],"_links":{"self":[{"href":"https:\/\/gdue.pt\/pt\/wp-json\/wp\/v2\/posts\/3006","targetHints":{"allow":["GET"]}}],"collection":[{"href":"https:\/\/gdue.pt\/pt\/wp-json\/wp\/v2\/posts"}],"about":[{"href":"https:\/\/gdue.pt\/pt\/wp-json\/wp\/v2\/types\/post"}],"author":[{"embeddable":true,"href":"https:\/\/gdue.pt\/pt\/wp-json\/wp\/v2\/users\/1"}],"replies":[{"embeddable":true,"href":"https:\/\/gdue.pt\/pt\/wp-json\/wp\/v2\/comments?post=3006"}],"version-history":[{"count":7,"href":"https:\/\/gdue.pt\/pt\/wp-json\/wp\/v2\/posts\/3006\/revisions"}],"predecessor-version":[{"id":3015,"href":"https:\/\/gdue.pt\/pt\/wp-json\/wp\/v2\/posts\/3006\/revisions\/3015"}],"wp:featuredmedia":[{"embeddable":true,"href":"https:\/\/gdue.pt\/pt\/wp-json\/wp\/v2\/media\/3016"}],"wp:attachment":[{"href":"https:\/\/gdue.pt\/pt\/wp-json\/wp\/v2\/media?parent=3006"}],"wp:term":[{"taxonomy":"category","embeddable":true,"href":"https:\/\/gdue.pt\/pt\/wp-json\/wp\/v2\/categories?post=3006"},{"taxonomy":"post_tag","embeddable":true,"href":"https:\/\/gdue.pt\/pt\/wp-json\/wp\/v2\/tags?post=3006"}],"curies":[{"name":"wp","href":"https:\/\/api.w.org\/{rel}","templated":true}]}}