{"id":2494,"date":"2024-07-01T10:00:00","date_gmt":"2024-07-01T10:00:00","guid":{"rendered":"http:\/\/gdue.pt\/pt\/?p=2494"},"modified":"2024-10-21T14:06:36","modified_gmt":"2024-10-21T14:06:36","slug":"assembleia-geral-15julho2024","status":"publish","type":"post","link":"https:\/\/gdue.pt\/pt\/assembleia-geral-15julho2024\/","title":{"rendered":"CONVOCAT\u00d3RIA PARA ASSEMBLEIA GERAL ORDIN\u00c1RIA"},"content":{"rendered":"\t\t<div data-elementor-type=\"wp-post\" data-elementor-id=\"2494\" class=\"elementor elementor-2494\">\n\t\t\t\t<div class=\"elementor-element elementor-element-acfd711 e-flex e-con-boxed e-con e-parent\" data-id=\"acfd711\" data-element_type=\"container\" data-e-type=\"container\">\n\t\t\t\t\t<div class=\"e-con-inner\">\n\t\t\t\t<div class=\"elementor-element elementor-element-1cbf70d elementor-widget elementor-widget-image\" data-id=\"1cbf70d\" data-element_type=\"widget\" data-e-type=\"widget\" data-widget_type=\"image.default\">\n\t\t\t\t<div class=\"elementor-widget-container\">\n\t\t\t\t\t\t\t\t\t\t\t\t\t\t\t<img fetchpriority=\"high\" decoding=\"async\" width=\"640\" height=\"320\" src=\"https:\/\/gdue.pt\/pt\/wp-content\/uploads\/2024\/07\/IMAGEM-de-DESTAQUE-1-1024x512.jpg\" class=\"attachment-large size-large wp-image-2496\" alt=\"\" srcset=\"https:\/\/gdue.pt\/pt\/wp-content\/uploads\/2024\/07\/IMAGEM-de-DESTAQUE-1-1024x512.jpg 1024w, https:\/\/gdue.pt\/pt\/wp-content\/uploads\/2024\/07\/IMAGEM-de-DESTAQUE-1-300x150.jpg 300w, https:\/\/gdue.pt\/pt\/wp-content\/uploads\/2024\/07\/IMAGEM-de-DESTAQUE-1-768x384.jpg 768w, https:\/\/gdue.pt\/pt\/wp-content\/uploads\/2024\/07\/IMAGEM-de-DESTAQUE-1-128x64.jpg 128w, https:\/\/gdue.pt\/pt\/wp-content\/uploads\/2024\/07\/IMAGEM-de-DESTAQUE-1-32x16.jpg 32w, https:\/\/gdue.pt\/pt\/wp-content\/uploads\/2024\/07\/IMAGEM-de-DESTAQUE-1-356x178.jpg 356w, https:\/\/gdue.pt\/pt\/wp-content\/uploads\/2024\/07\/IMAGEM-de-DESTAQUE-1-470x235.jpg 470w, https:\/\/gdue.pt\/pt\/wp-content\/uploads\/2024\/07\/IMAGEM-de-DESTAQUE-1-70x35.jpg 70w, https:\/\/gdue.pt\/pt\/wp-content\/uploads\/2024\/07\/IMAGEM-de-DESTAQUE-1-100x50.jpg 100w, https:\/\/gdue.pt\/pt\/wp-content\/uploads\/2024\/07\/IMAGEM-de-DESTAQUE-1-600x300.jpg 600w, https:\/\/gdue.pt\/pt\/wp-content\/uploads\/2024\/07\/IMAGEM-de-DESTAQUE-1.jpg 1400w\" sizes=\"(max-width: 640px) 100vw, 640px\" \/>\t\t\t\t\t\t\t\t\t\t\t\t\t\t\t<\/div>\n\t\t\t\t<\/div>\n\t\t\t\t<div class=\"elementor-element elementor-element-519bd0b elementor-widget elementor-widget-text-editor\" data-id=\"519bd0b\" data-element_type=\"widget\" data-e-type=\"widget\" data-widget_type=\"text-editor.default\">\n\t\t\t\t<div class=\"elementor-widget-container\">\n\t\t\t\t\t\t\t\t\t<div class=\"xdj266r x11i5rnm xat24cr x1mh8g0r x1vvkbs x126k92a\"><div dir=\"auto\">O Presidente da Mesa da Assembleia Geral do Grupo Desportivo Uni\u00e3o Ericeirense &#8211; Jo\u00e3o Pedro Ruivo Gaspar, convoca uma Assembleia Geral Ordin\u00e1ria para o pr\u00f3ximo dia 15 de Julho de 2024, pelas 20h00, no Campo Henrique Tom\u00e1s Frade, com a seguinte ordem de trabalhos:<\/div><div dir=\"auto\">\u00a0<\/div><\/div><div class=\"x11i5rnm xat24cr x1mh8g0r x1vvkbs xtlvy1s x126k92a\"><ul><li dir=\"auto\">Apresenta\u00e7\u00e3o aos s\u00f3cios da execu\u00e7\u00e3o do plano de atividades e outros trabalhos na \u00e9poca 2023\/2024;<\/li><li dir=\"auto\">Apresenta\u00e7\u00e3o, discuss\u00e3o e delibera\u00e7\u00e3o sobre o relat\u00f3rio de contas 2023\/2024;<\/li><li dir=\"auto\">Apresenta\u00e7\u00e3o, discuss\u00e3o e delibera\u00e7\u00e3o do plano de atividades e or\u00e7amento dos \u00f3rg\u00e3os diretivos para o ano de 2024\/2025;<\/li><li dir=\"auto\">Outros assuntos de interesse coletivo.<\/li><\/ul><\/div><div class=\"x11i5rnm xat24cr x1mh8g0r x1vvkbs xtlvy1s x126k92a\"><div dir=\"auto\">Qualquer tema debatido no ponto 4 &#8211; &#8220;outros assuntos de interesse coletivo&#8221;, dever\u00e3o ser apresentados \u00e0 mesa da Assembleia para sua pr\u00e9via autoriza\u00e7\u00e3o.<\/div><div dir=\"auto\">\u00a0<\/div><\/div><div class=\"x11i5rnm xat24cr x1mh8g0r x1vvkbs xtlvy1s x126k92a\"><div dir=\"auto\">Nos termos do art. 67 dos Estatutos, a Assembleia Geral reunir\u00e1, \u00e0 hora marcada, se estiver presente a maioria absoluta dos s\u00f3cios. Se n\u00e3o estiver presente o n\u00famero suficiente de s\u00f3cios, a Assembleia reunir\u00e1, com qualquer n\u00famero, uma hora depois.<\/div><div dir=\"auto\">\u00a0<\/div><\/div><div class=\"x11i5rnm xat24cr x1mh8g0r x1vvkbs xtlvy1s x126k92a\"><div dir=\"auto\">A participa\u00e7\u00e3o e o exerc\u00edcio do direito de voto na Assembleia Geral dever\u00e3o observar os requisitos na lei e nos Estatutos, sendo admitidos a presenciar os trabalhos todos aqueles que tenham sido admitidos como associados at\u00e9 \u00e0 data da publica\u00e7\u00e3o da convocat\u00f3ria, devendo apresentar o cart\u00e3o de s\u00f3cio com as cotas em dia.<\/div><\/div>\t\t\t\t\t\t\t\t<\/div>\n\t\t\t\t<\/div>\n\t\t\t\t\t<\/div>\n\t\t\t\t<\/div>\n\t\t\t\t<\/div>\n\t\t","protected":false},"excerpt":{"rendered":"<p>O Presidente da Mesa da Assembleia Geral do Grupo Desportivo Uni\u00e3o Ericeirense &#8211; Jo\u00e3o Pedro Ruivo Gaspar, convoca uma Assembleia Geral Ordin\u00e1ria para o pr\u00f3ximo dia 15 de Julho de 2024, pelas 20h00, no Campo Henrique Tom\u00e1s Frade, com a seguinte ordem de trabalhos:\u00a0 Apresenta\u00e7\u00e3o aos s\u00f3cios da execu\u00e7\u00e3o do plano de atividades e outros&#8230;<\/p>\n","protected":false},"author":1,"featured_media":2500,"comment_status":"closed","ping_status":"closed","sticky":false,"template":"","format":"standard","meta":{"footnotes":""},"categories":[137],"tags":[],"class_list":["post-2494","post","type-post","status-publish","format-standard","has-post-thumbnail","hentry","category-institucional"],"aioseo_notices":[],"_links":{"self":[{"href":"https:\/\/gdue.pt\/pt\/wp-json\/wp\/v2\/posts\/2494","targetHints":{"allow":["GET"]}}],"collection":[{"href":"https:\/\/gdue.pt\/pt\/wp-json\/wp\/v2\/posts"}],"about":[{"href":"https:\/\/gdue.pt\/pt\/wp-json\/wp\/v2\/types\/post"}],"author":[{"embeddable":true,"href":"https:\/\/gdue.pt\/pt\/wp-json\/wp\/v2\/users\/1"}],"replies":[{"embeddable":true,"href":"https:\/\/gdue.pt\/pt\/wp-json\/wp\/v2\/comments?post=2494"}],"version-history":[{"count":4,"href":"https:\/\/gdue.pt\/pt\/wp-json\/wp\/v2\/posts\/2494\/revisions"}],"predecessor-version":[{"id":2499,"href":"https:\/\/gdue.pt\/pt\/wp-json\/wp\/v2\/posts\/2494\/revisions\/2499"}],"wp:featuredmedia":[{"embeddable":true,"href":"https:\/\/gdue.pt\/pt\/wp-json\/wp\/v2\/media\/2500"}],"wp:attachment":[{"href":"https:\/\/gdue.pt\/pt\/wp-json\/wp\/v2\/media?parent=2494"}],"wp:term":[{"taxonomy":"category","embeddable":true,"href":"https:\/\/gdue.pt\/pt\/wp-json\/wp\/v2\/categories?post=2494"},{"taxonomy":"post_tag","embeddable":true,"href":"https:\/\/gdue.pt\/pt\/wp-json\/wp\/v2\/tags?post=2494"}],"curies":[{"name":"wp","href":"https:\/\/api.w.org\/{rel}","templated":true}]}}