{"id":2467,"date":"2024-06-28T17:27:39","date_gmt":"2024-06-28T17:27:39","guid":{"rendered":"http:\/\/gdue.pt\/pt\/?p=2467"},"modified":"2024-10-21T14:06:32","modified_gmt":"2024-10-21T14:06:32","slug":"apresentacao-da-equipa-tecnica-para-os-seniores-a","status":"publish","type":"post","link":"https:\/\/gdue.pt\/pt\/apresentacao-da-equipa-tecnica-para-os-seniores-a\/","title":{"rendered":"Apresenta\u00e7\u00e3o da Equipa T\u00e9cnica para os S\u00e9niores"},"content":{"rendered":"\t\t<div data-elementor-type=\"wp-post\" data-elementor-id=\"2467\" class=\"elementor elementor-2467\">\n\t\t\t\t<div class=\"elementor-element elementor-element-acfd711 e-flex e-con-boxed e-con e-parent\" data-id=\"acfd711\" data-element_type=\"container\" data-e-type=\"container\">\n\t\t\t\t\t<div class=\"e-con-inner\">\n\t\t\t\t<div class=\"elementor-element elementor-element-1cbf70d elementor-widget elementor-widget-image\" data-id=\"1cbf70d\" data-element_type=\"widget\" data-e-type=\"widget\" data-widget_type=\"image.default\">\n\t\t\t\t<div class=\"elementor-widget-container\">\n\t\t\t\t\t\t\t\t\t\t\t\t\t\t\t<img fetchpriority=\"high\" decoding=\"async\" width=\"640\" height=\"320\" src=\"https:\/\/gdue.pt\/pt\/wp-content\/uploads\/2024\/06\/IMAGEM-de-DESTAQUE-1024x512.jpg\" class=\"attachment-large size-large wp-image-2469\" alt=\"\" srcset=\"https:\/\/gdue.pt\/pt\/wp-content\/uploads\/2024\/06\/IMAGEM-de-DESTAQUE-1024x512.jpg 1024w, https:\/\/gdue.pt\/pt\/wp-content\/uploads\/2024\/06\/IMAGEM-de-DESTAQUE-300x150.jpg 300w, https:\/\/gdue.pt\/pt\/wp-content\/uploads\/2024\/06\/IMAGEM-de-DESTAQUE-768x384.jpg 768w, https:\/\/gdue.pt\/pt\/wp-content\/uploads\/2024\/06\/IMAGEM-de-DESTAQUE-128x64.jpg 128w, https:\/\/gdue.pt\/pt\/wp-content\/uploads\/2024\/06\/IMAGEM-de-DESTAQUE-32x16.jpg 32w, https:\/\/gdue.pt\/pt\/wp-content\/uploads\/2024\/06\/IMAGEM-de-DESTAQUE-356x178.jpg 356w, https:\/\/gdue.pt\/pt\/wp-content\/uploads\/2024\/06\/IMAGEM-de-DESTAQUE-470x235.jpg 470w, https:\/\/gdue.pt\/pt\/wp-content\/uploads\/2024\/06\/IMAGEM-de-DESTAQUE-70x35.jpg 70w, https:\/\/gdue.pt\/pt\/wp-content\/uploads\/2024\/06\/IMAGEM-de-DESTAQUE-100x50.jpg 100w, https:\/\/gdue.pt\/pt\/wp-content\/uploads\/2024\/06\/IMAGEM-de-DESTAQUE-600x300.jpg 600w, https:\/\/gdue.pt\/pt\/wp-content\/uploads\/2024\/06\/IMAGEM-de-DESTAQUE.jpg 1400w\" sizes=\"(max-width: 640px) 100vw, 640px\" \/>\t\t\t\t\t\t\t\t\t\t\t\t\t\t\t<\/div>\n\t\t\t\t<\/div>\n\t\t\t\t<div class=\"elementor-element elementor-element-519bd0b elementor-widget elementor-widget-text-editor\" data-id=\"519bd0b\" data-element_type=\"widget\" data-e-type=\"widget\" data-widget_type=\"text-editor.default\">\n\t\t\t\t<div class=\"elementor-widget-container\">\n\t\t\t\t\t\t\t\t\t<p>O Grupo Desportivo Uni\u00e3o Ericeirense apresenta assim a Equipa T\u00e9cnica para os S\u00e9niores nesta nova \u00e9poca 2024\/2025, coordenada pelo <strong>Mister Jo\u00e3o Pedro<\/strong>.<\/p><p>Fica assim completa esta equipa t\u00e9cnica composta pelos seguintes elementos:<\/p><ul><li dir=\"auto\"><strong>Jo\u00e3o Pedro<\/strong> \u2013 Treinador Principal<\/li><li dir=\"auto\"><strong>Bernardo Tom\u00e9<\/strong> \u2013 Treinador Adjunto<\/li><li dir=\"auto\"><strong>Pedro Ros\u00e1rio<\/strong> \u2013 Treinador Adjunto<\/li><li dir=\"auto\"><strong>Filipe Gomes<\/strong> \u2013 Treinador Adjunto<\/li><li dir=\"auto\"><strong>Fernando Negas<\/strong> \u2013 Treinador Adjunto<\/li><li dir=\"auto\"><strong>V\u00edtor Gaspar<\/strong> \u2013 Treinador de Guarda-Redes<\/li><li dir=\"auto\"><strong>Daniel Louren\u00e7o<\/strong> \u2013 Analista<\/li><\/ul>\t\t\t\t\t\t\t\t<\/div>\n\t\t\t\t<\/div>\n\t\t\t\t\t<\/div>\n\t\t\t\t<\/div>\n\t\t\t\t<\/div>\n\t\t","protected":false},"excerpt":{"rendered":"<p>O Grupo Desportivo Uni\u00e3o Ericeirense apresenta assim a Equipa T\u00e9cnica para os S\u00e9niores nesta nova \u00e9poca 2024\/2025, coordenada pelo Mister Jo\u00e3o Pedro. Fica assim completa esta equipa t\u00e9cnica composta pelos seguintes elementos: Jo\u00e3o Pedro \u2013 Treinador Principal Bernardo Tom\u00e9 \u2013 Treinador Adjunto Pedro Ros\u00e1rio \u2013 Treinador Adjunto Filipe Gomes \u2013 Treinador Adjunto Fernando Negas \u2013&#8230;<\/p>\n","protected":false},"author":1,"featured_media":2469,"comment_status":"closed","ping_status":"closed","sticky":false,"template":"","format":"standard","meta":{"footnotes":""},"categories":[105],"tags":[],"class_list":["post-2467","post","type-post","status-publish","format-standard","has-post-thumbnail","hentry","category-equipa-principal"],"aioseo_notices":[],"_links":{"self":[{"href":"https:\/\/gdue.pt\/pt\/wp-json\/wp\/v2\/posts\/2467","targetHints":{"allow":["GET"]}}],"collection":[{"href":"https:\/\/gdue.pt\/pt\/wp-json\/wp\/v2\/posts"}],"about":[{"href":"https:\/\/gdue.pt\/pt\/wp-json\/wp\/v2\/types\/post"}],"author":[{"embeddable":true,"href":"https:\/\/gdue.pt\/pt\/wp-json\/wp\/v2\/users\/1"}],"replies":[{"embeddable":true,"href":"https:\/\/gdue.pt\/pt\/wp-json\/wp\/v2\/comments?post=2467"}],"version-history":[{"count":8,"href":"https:\/\/gdue.pt\/pt\/wp-json\/wp\/v2\/posts\/2467\/revisions"}],"predecessor-version":[{"id":2478,"href":"https:\/\/gdue.pt\/pt\/wp-json\/wp\/v2\/posts\/2467\/revisions\/2478"}],"wp:featuredmedia":[{"embeddable":true,"href":"https:\/\/gdue.pt\/pt\/wp-json\/wp\/v2\/media\/2469"}],"wp:attachment":[{"href":"https:\/\/gdue.pt\/pt\/wp-json\/wp\/v2\/media?parent=2467"}],"wp:term":[{"taxonomy":"category","embeddable":true,"href":"https:\/\/gdue.pt\/pt\/wp-json\/wp\/v2\/categories?post=2467"},{"taxonomy":"post_tag","embeddable":true,"href":"https:\/\/gdue.pt\/pt\/wp-json\/wp\/v2\/tags?post=2467"}],"curies":[{"name":"wp","href":"https:\/\/api.w.org\/{rel}","templated":true}]}}