{"id":2439,"date":"2024-05-22T10:31:03","date_gmt":"2024-05-22T10:31:03","guid":{"rendered":"http:\/\/gdue.pt\/pt\/?p=2439"},"modified":"2024-10-21T14:06:02","modified_gmt":"2024-10-21T14:06:02","slug":"paulo-morais-deixa-comando-tecnico-gdue","status":"publish","type":"post","link":"https:\/\/gdue.pt\/pt\/paulo-morais-deixa-comando-tecnico-gdue\/","title":{"rendered":"Mister Paulo Morais deixa o comando t\u00e9cnico da equipa S\u00e9nior GDUE"},"content":{"rendered":"\t\t<div data-elementor-type=\"wp-post\" data-elementor-id=\"2439\" class=\"elementor elementor-2439\">\n\t\t\t\t<div class=\"elementor-element elementor-element-acfd711 e-flex e-con-boxed e-con e-parent\" data-id=\"acfd711\" data-element_type=\"container\" data-e-type=\"container\">\n\t\t\t\t\t<div class=\"e-con-inner\">\n\t\t\t\t<div class=\"elementor-element elementor-element-1cbf70d elementor-widget elementor-widget-image\" data-id=\"1cbf70d\" data-element_type=\"widget\" data-e-type=\"widget\" data-widget_type=\"image.default\">\n\t\t\t\t<div class=\"elementor-widget-container\">\n\t\t\t\t\t\t\t\t\t\t\t\t\t\t\t<img fetchpriority=\"high\" decoding=\"async\" width=\"640\" height=\"427\" src=\"https:\/\/gdue.pt\/pt\/wp-content\/uploads\/2024\/05\/IMAGEM-de-DESTAQUE-1.jpg\" class=\"attachment-large size-large wp-image-2441\" alt=\"\" srcset=\"https:\/\/gdue.pt\/pt\/wp-content\/uploads\/2024\/05\/IMAGEM-de-DESTAQUE-1.jpg 900w, https:\/\/gdue.pt\/pt\/wp-content\/uploads\/2024\/05\/IMAGEM-de-DESTAQUE-1-300x200.jpg 300w, https:\/\/gdue.pt\/pt\/wp-content\/uploads\/2024\/05\/IMAGEM-de-DESTAQUE-1-768x512.jpg 768w, https:\/\/gdue.pt\/pt\/wp-content\/uploads\/2024\/05\/IMAGEM-de-DESTAQUE-1-128x85.jpg 128w, https:\/\/gdue.pt\/pt\/wp-content\/uploads\/2024\/05\/IMAGEM-de-DESTAQUE-1-32x21.jpg 32w, https:\/\/gdue.pt\/pt\/wp-content\/uploads\/2024\/05\/IMAGEM-de-DESTAQUE-1-356x237.jpg 356w, https:\/\/gdue.pt\/pt\/wp-content\/uploads\/2024\/05\/IMAGEM-de-DESTAQUE-1-470x313.jpg 470w, https:\/\/gdue.pt\/pt\/wp-content\/uploads\/2024\/05\/IMAGEM-de-DESTAQUE-1-70x47.jpg 70w, https:\/\/gdue.pt\/pt\/wp-content\/uploads\/2024\/05\/IMAGEM-de-DESTAQUE-1-100x67.jpg 100w, https:\/\/gdue.pt\/pt\/wp-content\/uploads\/2024\/05\/IMAGEM-de-DESTAQUE-1-600x400.jpg 600w\" sizes=\"(max-width: 640px) 100vw, 640px\" \/>\t\t\t\t\t\t\t\t\t\t\t\t\t\t\t<\/div>\n\t\t\t\t<\/div>\n\t\t\t\t<div class=\"elementor-element elementor-element-519bd0b elementor-widget elementor-widget-text-editor\" data-id=\"519bd0b\" data-element_type=\"widget\" data-e-type=\"widget\" data-widget_type=\"text-editor.default\">\n\t\t\t\t<div class=\"elementor-widget-container\">\n\t\t\t\t\t\t\t\t\t<p>O mister Paulo Morais e a sua equipa t\u00e9cnica, cessam por m\u00fatuo acordo a sua colabora\u00e7\u00e3o com o Grupo Desportivo Uni\u00e3o Ericeirense.<\/p><p>Em nome de todos os s\u00f3cios e simpatizantes do GDUE, gostar\u00edamos de expressar a nossa gratid\u00e3o ao mister Paulo Morais e restante equipa, pelo seu trabalho nesta temporada e desejamos-lhe tudo de melhor para as suas carreiras. <\/p>\t\t\t\t\t\t\t\t<\/div>\n\t\t\t\t<\/div>\n\t\t\t\t\t<\/div>\n\t\t\t\t<\/div>\n\t\t\t\t<\/div>\n\t\t","protected":false},"excerpt":{"rendered":"<p>O mister Paulo Morais e a sua equipa t\u00e9cnica, cessam por m\u00fatuo acordo a sua colabora\u00e7\u00e3o com o Grupo Desportivo Uni\u00e3o Ericeirense. Em nome de todos os s\u00f3cios e simpatizantes do GDUE, gostar\u00edamos de expressar a nossa gratid\u00e3o ao mister Paulo Morais e restante equipa, pelo seu trabalho nesta temporada e desejamos-lhe tudo de melhor&#8230;<\/p>\n","protected":false},"author":1,"featured_media":2441,"comment_status":"closed","ping_status":"closed","sticky":false,"template":"","format":"standard","meta":{"footnotes":""},"categories":[105],"tags":[],"class_list":["post-2439","post","type-post","status-publish","format-standard","has-post-thumbnail","hentry","category-equipa-principal"],"aioseo_notices":[],"_links":{"self":[{"href":"https:\/\/gdue.pt\/pt\/wp-json\/wp\/v2\/posts\/2439","targetHints":{"allow":["GET"]}}],"collection":[{"href":"https:\/\/gdue.pt\/pt\/wp-json\/wp\/v2\/posts"}],"about":[{"href":"https:\/\/gdue.pt\/pt\/wp-json\/wp\/v2\/types\/post"}],"author":[{"embeddable":true,"href":"https:\/\/gdue.pt\/pt\/wp-json\/wp\/v2\/users\/1"}],"replies":[{"embeddable":true,"href":"https:\/\/gdue.pt\/pt\/wp-json\/wp\/v2\/comments?post=2439"}],"version-history":[{"count":4,"href":"https:\/\/gdue.pt\/pt\/wp-json\/wp\/v2\/posts\/2439\/revisions"}],"predecessor-version":[{"id":2444,"href":"https:\/\/gdue.pt\/pt\/wp-json\/wp\/v2\/posts\/2439\/revisions\/2444"}],"wp:featuredmedia":[{"embeddable":true,"href":"https:\/\/gdue.pt\/pt\/wp-json\/wp\/v2\/media\/2441"}],"wp:attachment":[{"href":"https:\/\/gdue.pt\/pt\/wp-json\/wp\/v2\/media?parent=2439"}],"wp:term":[{"taxonomy":"category","embeddable":true,"href":"https:\/\/gdue.pt\/pt\/wp-json\/wp\/v2\/categories?post=2439"},{"taxonomy":"post_tag","embeddable":true,"href":"https:\/\/gdue.pt\/pt\/wp-json\/wp\/v2\/tags?post=2439"}],"curies":[{"name":"wp","href":"https:\/\/api.w.org\/{rel}","templated":true}]}}